{"id":2665,"date":"2025-05-24T14:49:53","date_gmt":"2025-05-24T12:49:53","guid":{"rendered":"https:\/\/zdraviezprirody.eu\/?p=2665"},"modified":"2025-08-06T18:04:21","modified_gmt":"2025-08-06T16:04:21","slug":"atopicky-ekzem","status":"publish","type":"post","link":"http:\/\/zdraviezprirody.eu\/index.php\/2025\/05\/24\/atopicky-ekzem\/","title":{"rendered":"Atopick\u00fd ekz\u00e9m"},"content":{"rendered":"\n<h1 class=\"wp-block-heading\">V\u0161etko, \u010do potrebujete vedie\u0165 o atopickom ekz\u00e9me<\/h1>\n\n\n\n<p>Atopick\u00e1 dermatit\u00edda je jedn\u00fdm z naj\u010dastej\u0161\u00edch ko\u017en\u00fdch ochoren\u00ed u det\u00ed. Postihnut\u00fdch je v prv\u00fdch 10 rokoch \u017eivota pribli\u017ene 10 % &#8211; 20 % detskej popul\u00e1cie. V dospelosti okolo 3% \u013eud\u00ed a po\u010det chor\u00fdch v posledn\u00fdch rokoch r\u00fdchlo rastie. Priebeh atopickej dermatit\u00eddy je chronick\u00fd, so striedan\u00edm obdobia pokoja a vzplanutia.<\/p>\n\n\n\n<figure class=\"wp-block-image size-full\"><img fetchpriority=\"high\" decoding=\"async\" width=\"966\" height=\"302\" src=\"https:\/\/zdraviezprirody.eu\/wp-content\/uploads\/2025\/05\/40982-vasmedic-atopicky-ekzem-1920x600-1.jpeg\" alt=\"\" class=\"wp-image-2671\"\/><\/figure>\n\n\n\n<h2 class=\"wp-block-heading\">Ak\u00e9 s\u00fa pr\u00ed\u010diny atopick\u00e9ho ekz\u00e9mu?<\/h2>\n\n\n\n<p>Naj\u010dastej\u0161ou pr\u00ed\u010dinou atopick\u00e9ho ekz\u00e9mu je dedi\u010dnos\u0165. Ak sa vo va\u0161ej rodine objavila atopick\u00e1 dermatit\u00edda alebo in\u00e9 podobn\u00e9 ochorenia, ako s\u00fa alergick\u00e1 n\u00e1dcha alebo astma, riziko vzplanutia atopie u v\u00e1s a va\u0161ich det\u00ed rastie. \u010eal\u0161\u00edm sp\u00fa\u0161\u0165a\u010dom m\u00f4\u017eu by\u0165 poruchy imunity, metabolizmu, r\u00f4zne infekcie alebo in\u00e9 poruchy hormon\u00e1lnej aktivity buniek v r\u00f4znych org\u00e1noch tela (v \u017e\u013eaz\u00e1ch).<\/p>\n\n\n\n<p>Klinick\u00e9 prejavy atopickej dermatit\u00eddy s\u00fa ve\u013emi rozmanit\u00e9 a menia sa okrem in\u00e9ho aj v z\u00e1vislosti od veku. Atopick\u00e1 dermatit\u00edda sa del\u00ed do troch f\u00e1z a ka\u017ed\u00e1 f\u00e1za je charakterizovan\u00e1 in\u00fdm vekom i mo\u017en\u00fdmi prejavmi: doj\u010denskou, detskou a dospelou.&nbsp;<\/p>\n\n\n\n<p>V ka\u017edom veku m\u00f4\u017ee by\u0165 ochorenie sp\u00f4soben\u00e9 inou pr\u00ed\u010dinou. U doj\u010diat je to naj\u010dastej\u0161ie strava. U det\u00ed v pred\u0161kolskom veku s\u00fa to infekcie av puberte zase hormon\u00e1lne zmeny.<\/p>\n\n\n\n<p>Jedno v\u0161ak maj\u00fa v\u0161etky vekov\u00e9 skupiny spolo\u010dn\u00e9. V\u00fdznamn\u00fdm faktorom, ktor\u00fd prispieva k vzniku ochorenia, je stres a ne\u0161etrn\u00e9 zaobch\u00e1dzanie s poko\u017ekou. Jej odmas\u0165ovanie, nosenie nepriedu\u0161n\u00e9ho oble\u010denia, chladn\u00e9 po\u010dasie a pod.<\/p>\n\n\n\n<p><strong>Doj\u010densk\u00e1 f\u00e1za&nbsp;<\/strong>\u2013 za\u010d\u00edna v\u00e4\u010d\u0161inou medzi 3. a\u017e 6. mesiacom \u017eivota. Charakteristick\u00fdm pr\u00edznakom je svrbenie. Za\u010d\u00edna v\u00e4\u010d\u0161inou na tv\u00e1ri \u2013 na ko\u017ei sa objavia such\u00e9 lo\u017eisk\u00e1 ru\u017eovej a\u017e \u010dervenej farby. Vklady sa m\u00f4\u017eu zl\u00fa\u010di\u0165.&nbsp;\u010casto s\u00fa postihnut\u00e9 predlaktia, dolnej \u010dasti nohy a trup.<\/p>\n\n\n\n<p><strong>Detsk\u00e1 f\u00e1za<\/strong>&nbsp;\u2013 naj\u010dastej\u0161ie s\u00fa postihnut\u00e9 oblasti lak\u0165ov\u00e9 a kolenov\u00e9 z\u00e1suvky,&nbsp;krku, z\u00e1p\u00e4stia, \u010dlenku, zadku a stehien. Postihnut\u00e9 miesta s\u00fa \u010derven\u00e9, neostro ohrani\u010den\u00e9, poko\u017eka je such\u00e1, \u010dasto so \u0161krabancami as krustami. Deti m\u00f4\u017eu ma\u0165 aj poz\u00e1palov\u00e9 sfarbenie ko\u017ee alebo \u0161kvrny na ko\u017ei, ktor\u00e9 s\u00favisia s podr\u00e1\u017eden\u00edm a z\u00e1palom ko\u017ee. Odborne sa tento jav naz\u00fdva poz\u00e1palov\u00e1 hypo- a hyperpigment\u00e1cia a mizne za nieko\u013eko t\u00fd\u017ed\u0148ov alebo mesiacov po upokojen\u00ed ekz\u00e9mu.<\/p>\n\n\n\n<p><strong>Atopick\u00e1 dermatit\u00edda u dospievaj\u00facich a dospel\u00fdch<\/strong>&nbsp;\u2013 \u010dasto je postihnut\u00e1 tv\u00e1r, krk a trup. Typick\u00fdm prejavom je zhrubnutie a suchos\u0165 ko\u017ee. Na tv\u00e1ri m\u00f4\u017eeme vidie\u0165 nepatrn\u00fa bledos\u0165.<\/p>\n\n\n\n<h2 class=\"wp-block-heading\">Lie\u010dba atopick\u00e9ho ekz\u00e9mu<\/h2>\n\n\n\n<p>Lie\u010dba atopie je dlhodob\u00e1 a komplikovan\u00e1. \u010co robi\u0165, aby ste atopick\u00fd ekz\u00e9m nespustili?&nbsp;<\/p>\n\n\n\n<p>Odstr\u00e1\u0148te v\u0161etky faktory, ktor\u00e9 prispievaj\u00fa k vzniku vyr\u00e1\u017eky. U det\u00ed do jedn\u00e9ho roka, ktor\u00e9 maj\u00fa atopick\u00fa dermatit\u00eddu, je vhodn\u00e9 dodr\u017eiava\u0165 stravu s vynechan\u00edm niektor\u00fdch potrav\u00edn. A to predov\u0161etk\u00fdm potrav\u00edn, ktor\u00e9 s\u00fa zn\u00e1mymi alerg\u00e9nmi. Patr\u00ed medzi ne mlieko, vajcia, orechy, ryby, citrusy, korenie a \u010dokol\u00e1da. Ve\u013emi d\u00f4le\u017eit\u00e9 je, \u017ee alerg\u00e9ny sa do tela die\u0165a\u0165a dost\u00e1vaj\u00fa aj prostredn\u00edctvom matersk\u00e9ho mlieka, preto by matka mala dodr\u017eiava\u0165 di\u00e9tne opatrenia.<\/p>\n\n\n\n<p>Po druhom roku za\u010d\u00ednaj\u00fa preva\u017eova\u0165 faktory vonkaj\u0161ieho prostredia a vplyv infekci\u00ed. Stravovanie m\u00e1 na\u010falej z\u00e1sadn\u00fd v\u00fdznam a ovplyvn\u00ed a\u017e 70 % \u013eah\u0161\u00edch prejavov atopickej dermatit\u00eddy.<\/p>\n\n\n\n<figure class=\"wp-block-image size-large\"><a href=\"https:\/\/www.lr-slovak.com\/av-fermented-special-care-bag?sponzor=14981316_%C4%BDubica_Cesnekov%C3%A1\"><img decoding=\"async\" width=\"1024\" height=\"1024\" src=\"http:\/\/zdraviezprirody.eu\/wp-content\/uploads\/2024\/12\/p_aloevera_sos_box-1024x1024.jpg\" alt=\"\" class=\"wp-image-1695\"\/><\/a><\/figure>\n\n\n\n<p><strong>Ve\u013emi d\u00f4le\u017eit\u00e1 je starostlivos\u0165 o atopick\u00fa poko\u017eku:<\/strong><\/p>\n\n\n\n<ul>\n<li>Z\u00e1kladom je pravideln\u00e9 natieranie poko\u017eky \u0161etrn\u00fdmi zvl\u00e1\u010d\u0148uj\u00facimi kr\u00e9mami, ktor\u00e9 s\u00fa vhodn\u00e9 na atopick\u00fa a ve\u013emi such\u00fa poko\u017eku <strong><a href=\"https:\/\/www.lr-slovak.com\/av-fermented-special-care-bag?sponzor=14981316_%C4%BDubica_Cesnekov%C3%A1\">ALOE VERA S\u00c9RIA \u0160PECI\u00c1LNEJ STAROSTLIVOSTI<\/a><\/strong><\/li>\n\n\n\n<li>Namiesto k\u00fape\u013ea si zvo\u013ete sprchovanie. K\u00fapanie by nemalo by\u0165 dlh\u0161ie ako 5 \u2013 10 min\u00fat, aby nedoch\u00e1dzalo k pres\u00fa\u0161aniu poko\u017eky. Voda nesmie by\u0165 pr\u00edli\u0161 tepl\u00e1, nemala by presiahnu\u0165 33 \u00b0C, aby nevzniklo riziko svrbenia.  <\/li>\n\n\n\n<li>Pou\u017e\u00edvajte \u0161peci\u00e1lne hygienick\u00e9 &#8211; sprchov\u00e9 a \u010distiace &#8211; pr\u00edpravky bez obsahu mydla  <strong><a href=\"https:\/\/www.lr-slovak.com\/aloe-vera-vitalizacny-sprchovy-gel?sponzor=14981316_%C4%BDubica_Cesnekov%C3%A1\">ALOE VERA VITALIZA\u010cN\u00dd SPRCHOV\u00dd G\u00c9L<\/a><\/strong> alebo univerz\u00e1lny <strong><a href=\"https:\/\/www.lr-slovak.com\/aloe-vera-vlasovy-a-telovy-sampon?sponzor=14981316_%C4%BDubica_Cesnekov%C3%A1\">ALOE VERA VLASOV\u00dd A TE\u013dOV\u00dd \u0160AMP\u00d3N<\/a><\/strong> <\/li>\n\n\n\n<li>Po opl\u00e1chnut\u00ed ko\u017eu ve\u013emi jemne osu\u0161te. V \u017eiadnom pr\u00edpade ju netrite. Na hydrat\u00e1ciu pou\u017eite uklud\u0148uj\u00faci aloe vera g\u00e9l z kolekcie <strong><a href=\"https:\/\/www.lr-slovak.com\/av-fermented-special-care-bag?sponzor=14981316_%C4%BDubica_Cesnekov%C3%A1\">ALOE VERA S\u00c9RIA \u0160PECI\u00c1LNEJ STAROSTLIVOSTI<\/a><\/strong><\/li>\n\n\n\n<li>Dajte prednos\u0165 bavlnen\u00e9mu oble\u010deniu, nepou\u017e\u00edvajte syntetick\u00e9 materi\u00e1ly a vlnu.<\/li>\n\n\n\n<li>Vyh\u00fdbajte sa pr\u00edli\u0161 zapr\u00e1\u0161en\u00e9mu prostrediu (koberec, z\u00e1vesy, periny z peria) a prostredie s rozto\u010dmi.&nbsp;<\/li>\n\n\n\n<li>D\u00f4le\u017eit\u00e1 je prevencia infekci\u00ed, ktor\u00fdm sa ned\u00e1 pred\u00eds\u0165, ak sme vonku. Po umyt\u00ed r\u00fak v\u017edy o\u0161etrite poko\u017eku, aby ste zabr\u00e1nili infekcii podr\u00e1\u017edenej poko\u017eky <strong><a href=\"https:\/\/www.lr-slovak.com\/av-fermented-special-care-bag?sponzor=14981316_%C4%BDubica_Cesnekov%C3%A1\">ALOE VERA SPREJ A KR\u00c9M S PROPOLISOM<\/a><\/strong><\/li>\n<\/ul>\n\n\n\n<p><strong>Pri lie\u010dbe atopick\u00e9ho ekz\u00e9mu sa v\u00e4\u010d\u0161inou postupuje takto:<\/strong><\/p>\n\n\n\n<p>Kortikosteroidy aplikujte na l\u00e9zie raz denne, pokia\u013e v\u00e1m lek\u00e1r neodporu\u010d\u00ed inak. Na tv\u00e1r asi 3 &#8211; 5 dn\u00ed v z\u00e1vislosti od stavu, inde na telo, k\u00fdm nepr\u00edjemn\u00e9 pocity nezmizn\u00fa. Ak kortikosteroidy vysad\u00edte sk\u00f4r a l\u00e9zie sa nezahoja, ekz\u00e9m sa m\u00f4\u017ee op\u00e4\u0165 zhor\u0161i\u0165. Pri dlhodobej aplik\u00e1cii sa kortikosteroidy m\u00f4\u017eu aplikova\u0165 denne na doplnenie. D\u013a\u017eka lie\u010dby b\u00fdva 2 &#8211; 3 t\u00fd\u017edne v z\u00e1vislosti od typu prejavov.&nbsp;Po\u010das tejto prest\u00e1vky pou\u017e\u00edvajte pasty bez kortikosteroidov alebo emoliencie, pr\u00edpravky na obnovu ko\u017enej bari\u00e9ry atopickej poko\u017eky.<\/p>\n\n\n\n<h2 class=\"wp-block-heading\">Komplik\u00e1cie spojen\u00e9 s atopick\u00fdm ekz\u00e9mom<\/h2>\n\n\n\n<p>Naj\u010dastej\u0161ie s\u00fa v\u00edrusov\u00e9ho p\u00f4vodu. Ob\u00e1vanou komplik\u00e1ciou je infekcia herpetick\u00fdm v\u00edrusom &#8211; Eczema herpitacatum.<\/p>\n\n\n\n<p>U det\u00ed sa \u010dasto jedn\u00e1 o prv\u00e9 stretnutie s infekciou po kontakte s osobou s herpes simplex.<\/p>\n\n\n\n<figure class=\"wp-block-image size-large\"><a href=\"https:\/\/www.lr-slovak.com\/av-fermented-special-care-bag?sponzor=14981316_%C4%BDubica_Cesnekov%C3%A1\"><img decoding=\"async\" width=\"1024\" height=\"649\" src=\"https:\/\/zdraviezprirody.eu\/wp-content\/uploads\/2025\/05\/495030774_570058252778659_7079661529960233064_n.png-1024x649.jpg\" alt=\"\" class=\"wp-image-2666\"\/><\/a><\/figure>\n\n\n\n<p>V miestach ekz\u00e9mu sa objavuj\u00fa mal\u00e9 herpetick\u00e9 p\u013euzgiere, ktor\u00e9 sa r\u00fdchlo \u0161\u00edria aj na zdrav\u00fa poko\u017eku. M\u00f4\u017ee d\u00f4js\u0165 k infekci\u00e1m a m\u00f4\u017eu sa vyskytn\u00fa\u0165 pr\u00edznaky herpetickej encefalit\u00eddy alebo pneum\u00f3nie. V\u010dasn\u00e1 diagn\u00f3za a lie\u010dba s\u00fa ve\u013emi d\u00f4le\u017eit\u00e9 pre prevenciu komplik\u00e1ci\u00ed a vy\u017eaduj\u00fa hospitaliz\u00e1ciu.<\/p>\n\n\n\n<p>Pri v\u00fdskyte t\u00fdchto komplik\u00e1ci\u00ed je nutn\u00e9 pod\u00e1vanie aciklovir do \u017eily alebo vo forme tabliet. Vo niektor\u00fdch pr\u00edpadoch je vhodn\u00e9 s\u00fa\u010dasne pod\u00e1va\u0165 \u0161irokospektr\u00e1lne antibiotik\u00e1.<\/p>\n\n\n\n<p>Ve\u013emi \u010dastou komplik\u00e1ciou u det\u00ed s atopickou dermatit\u00eddou s\u00fa matersk\u00e9 znamienka. Ide o ko\u017en\u00e9 ochorenie, ktor\u00e9 vyzer\u00e1 ako pupienky s centr\u00e1lnou jamkou. Infekciu ko\u017ee a ich vznik sp\u00f4sobuj\u00fa tzv. v\u00edrusy kiahn\u00ed, ktor\u00e9 sa zvy\u010dajne \u0161\u00edria vodou a do tela sa dost\u00e1vaj\u00fa pr\u00e1ve cez po\u0161koden\u00fa vrstvu ko\u017ee. Tieto deti s\u00fa zdrojom infekcie pre ostatn\u00e9 deti. Okrem toho, ak sa dlhodobo nelie\u010di, doch\u00e1dza k bakteri\u00e1lnej superinfekcii, ktor\u00e1 si vy\u017eaduje cielen\u00fa lie\u010dbu. Naj\u00fa\u010dinnej\u0161ou met\u00f3dou lie\u010dby je odstr\u00e1nenie \u00fatvarov z ko\u017ee. Tento postup sa naz\u00fdva kyretov\u00e1 abr\u00e1zia.<\/p>\n\n\n\n<p>Podobne \u010dastou v\u00edrusovou infekciou s\u00fa vulv\u00e1rne bradavice (eczema verrucatum). Zvy\u010dajne je ich viacero a vy\u017eaduj\u00fa si opakovan\u00fa kryoterapiu, lok\u00e1lnu terapiu alebo odstr\u00e1nenie laserom. Infekciu zvy\u010dajne sp\u00f4sobuje stafylokok. Prevalencia tohto ochorenia je na atopickej ko\u017ei vy\u0161\u0161ia ako na zdravej ko\u017ei. Prejavuje sa \u0161krabancami, krustami a za\u010dervenan\u00edm. \u010casto sa vyskytuje aj opuch lymfatick\u00fdch uzl\u00edn. V miernej\u0161\u00edch pr\u00edpadoch posta\u010duje lok\u00e1lna lie\u010dba kombin\u00e1ciou kortikosteroidov a antibiot\u00edk. Na upokojenie s\u00fa vhodn\u00e9 pasty s antibakteri\u00e1lnym \u00fa\u010dinkom <strong><a href=\"https:\/\/www.lr-slovak.com\/av-fermented-special-care-bag?sponzor=14981316_%C4%BDubica_Cesnekov%C3%A1\"><\/a><strong><a href=\"https:\/\/www.lr-slovak.com\/av-fermented-special-care-bag?sponzor=14981316_%C4%BDubica_Cesnekov%C3%A1\">ALOE VERA SPREJ A KR\u00c9M S PROPOLISOM<\/a><\/strong><\/strong><\/p>\n\n\n\n<p><\/p>\n\n\n\n<figure class=\"wp-block-image size-large\"><img loading=\"lazy\" decoding=\"async\" width=\"1024\" height=\"575\" src=\"https:\/\/zdraviezprirody.eu\/wp-content\/uploads\/2025\/05\/PHOTO-2025-01-19-08-23-37-1-1024x575.jpg\" alt=\"\" class=\"wp-image-2668\"\/><\/figure>\n\n\n\n<p><\/p>\n\n\n\n<p>Pre efekt\u00edvnos\u0165 lie\u010dby v\u00e1m odpor\u00fa\u010dame sa hlavne zamera\u0165 na rie\u0161enie probl\u00e9mu z vn\u00fatra, pri takejto lie\u010dbe garantujeme zlep\u0161enie v\u00e1\u0161ho probl\u00e9mu a\u017e s trval\u00edm v\u00fdsledkom. Ka\u017ed\u00e1 lie\u010dba je individu\u00e1lna a vy\u017eaduje si zvl\u00e1\u0161tne nasadenie a ve\u013ek\u00fa d\u00e1vku trpezlivos\u0165i. R\u00f4zne intolerancie, alergie a probl\u00e9my metabolizmu ako v\u00e4\u010d\u0161inou prv\u00e9 si odsk\u00e1\u010de va\u0161a pe\u010de\u0148, a hrub\u00e9 \u010drevo, preto firma LR Health and Beauty, vyvinula \u0161peci\u00e1lnu 3 mesa\u010dn\u00fa k\u00faru <strong><a href=\"https:\/\/www.lr-slovak.com\/health-mission?sponzor=14981316_%C4%BDubica_Cesnekov%C3%A1\">HEALTH MISSION<\/a><\/strong> ,to v\u0161etko pod doh\u013eadom \u0161pecialistou.T\u00e1to k\u00fara u\u017e pomohla tis\u00edckam lud\u00ed na celom svete. Pom\u00f4\u017ete preto v\u00e1\u0161mu te\u013eu posilni\u0165 d\u00f4le\u017eit\u00e9 org\u00e1ny u\u017e teraz lebo lie\u010dba prich\u00e1dza z vn\u00fatra.<\/p>\n\n\n\n<p><strong><a href=\"https:\/\/www.lr-slovak.com\/health-mission?sponzor=14981316_%C4%BDubica_Cesnekov%C3%A1\">HEALTH MISSION \u0161 MESA\u010cN\u00c1 K\u00daRA<\/a><\/strong><\/p>\n\n\n\n<figure class=\"wp-block-image size-full\"><a href=\"https:\/\/www.lr-slovak.com\/health-mission?sponzor=14981316_%C4%BDubica_Cesnekov%C3%A1\"><img loading=\"lazy\" decoding=\"async\" width=\"1008\" height=\"672\" src=\"http:\/\/zdraviezprirody.eu\/wp-content\/uploads\/2025\/02\/LR-HEALTH-MISSION-3-Mois-Peche.jpg\" alt=\"\" class=\"wp-image-2608\"\/><\/a><\/figure>\n\n\n\n<p>www.zdraviezprirody.eu<\/p>\n\n\n\n<p><\/p>\n\n\n\n<p><\/p>\n","protected":false},"excerpt":{"rendered":"<p>V\u0161etko, \u010do potrebujete vedie\u0165 o atopickom ekz\u00e9me Atopick\u00e1 dermatit\u00edda je jedn\u00fdm z naj\u010dastej\u0161\u00edch ko\u017en\u00fdch ochoren\u00ed u det\u00ed. Postihnut\u00fdch je v prv\u00fdch 10 rokoch \u017eivota pribli\u017ene 10 % &#8211; 20 % detskej popul\u00e1cie. V dospelosti okolo 3% \u013eud\u00ed a po\u010det chor\u00fdch v posledn\u00fdch rokoch r\u00fdchlo rastie. Priebeh atopickej dermatit\u00eddy je chronick\u00fd, so striedan\u00edm obdobia pokoja a vzplanutia. Ak\u00e9 s\u00fa pr\u00ed\u010diny atopick\u00e9ho ekz\u00e9mu? Naj\u010dastej\u0161ou pr\u00ed\u010dinou atopick\u00e9ho ekz\u00e9mu je dedi\u010dnos\u0165. Ak sa vo va\u0161ej rodine objavila atopick\u00e1 dermatit\u00edda alebo in\u00e9 podobn\u00e9 ochorenia, ako s\u00fa alergick\u00e1 n\u00e1dcha alebo astma, riziko vzplanutia atopie u v\u00e1s a va\u0161ich det\u00ed rastie. \u010eal\u0161\u00edm sp\u00fa\u0161\u0165a\u010dom m\u00f4\u017eu by\u0165 poruchy imunity, metabolizmu, r\u00f4zne infekcie alebo in\u00e9 poruchy hormon\u00e1lnej aktivity buniek v r\u00f4znych org\u00e1noch tela (v \u017e\u013eaz\u00e1ch). Klinick\u00e9 prejavy atopickej&hellip;<\/p>\n","protected":false},"author":1,"featured_media":2670,"comment_status":"closed","ping_status":"closed","sticky":false,"template":"","format":"standard","meta":{"footnotes":""},"categories":[1],"tags":[],"yoast_head":"<!-- This site is optimized with the Yoast SEO plugin v22.9 - https:\/\/yoast.com\/wordpress\/plugins\/seo\/ -->\n<title>Atopick\u00fd ekz\u00e9m - zdraviezprirody.eu<\/title>\n<meta name=\"robots\" content=\"noindex, follow\" \/>\n<meta property=\"og:locale\" content=\"sk_SK\" \/>\n<meta property=\"og:type\" content=\"article\" \/>\n<meta property=\"og:title\" content=\"Atopick\u00fd ekz\u00e9m - zdraviezprirody.eu\" \/>\n<meta property=\"og:description\" content=\"V\u0161etko, \u010do potrebujete vedie\u0165 o atopickom ekz\u00e9me Atopick\u00e1 dermatit\u00edda je jedn\u00fdm z naj\u010dastej\u0161\u00edch ko\u017en\u00fdch ochoren\u00ed u det\u00ed. Postihnut\u00fdch je v prv\u00fdch 10 rokoch \u017eivota pribli\u017ene 10 % &#8211; 20 % detskej popul\u00e1cie. V dospelosti okolo 3% \u013eud\u00ed a po\u010det chor\u00fdch v posledn\u00fdch rokoch r\u00fdchlo rastie. Priebeh atopickej dermatit\u00eddy je chronick\u00fd, so striedan\u00edm obdobia pokoja a vzplanutia. Ak\u00e9 s\u00fa pr\u00ed\u010diny atopick\u00e9ho ekz\u00e9mu? Naj\u010dastej\u0161ou pr\u00ed\u010dinou atopick\u00e9ho ekz\u00e9mu je dedi\u010dnos\u0165. Ak sa vo va\u0161ej rodine objavila atopick\u00e1 dermatit\u00edda alebo in\u00e9 podobn\u00e9 ochorenia, ako s\u00fa alergick\u00e1 n\u00e1dcha alebo astma, riziko vzplanutia atopie u v\u00e1s a va\u0161ich det\u00ed rastie. \u010eal\u0161\u00edm sp\u00fa\u0161\u0165a\u010dom m\u00f4\u017eu by\u0165 poruchy imunity, metabolizmu, r\u00f4zne infekcie alebo in\u00e9 poruchy hormon\u00e1lnej aktivity buniek v r\u00f4znych org\u00e1noch tela (v \u017e\u013eaz\u00e1ch). Klinick\u00e9 prejavy atopickej&hellip;\" \/>\n<meta property=\"og:url\" content=\"http:\/\/zdraviezprirody.eu\/index.php\/2025\/05\/24\/atopicky-ekzem\/\" \/>\n<meta property=\"og:site_name\" content=\"zdraviezprirody.eu\" \/>\n<meta property=\"article:published_time\" content=\"2025-05-24T12:49:53+00:00\" \/>\n<meta property=\"article:modified_time\" content=\"2025-08-06T16:04:21+00:00\" \/>\n<meta property=\"og:image\" content=\"http:\/\/zdraviezprirody.eu\/wp-content\/uploads\/2025\/05\/Banner_blog_Ekzem.jpg\" \/>\n\t<meta property=\"og:image:width\" content=\"1140\" \/>\n\t<meta property=\"og:image:height\" content=\"540\" \/>\n\t<meta property=\"og:image:type\" content=\"image\/jpeg\" \/>\n<meta name=\"author\" content=\"lcesnek\" \/>\n<meta name=\"twitter:card\" content=\"summary_large_image\" \/>\n<meta name=\"twitter:label1\" content=\"Autor\" \/>\n\t<meta name=\"twitter:data1\" content=\"lcesnek\" \/>\n\t<meta name=\"twitter:label2\" content=\"Predpokladan\u00fd \u010das \u010d\u00edtania\" \/>\n\t<meta name=\"twitter:data2\" content=\"7 min\u00fat\" \/>\n<script type=\"application\/ld+json\" class=\"yoast-schema-graph\">{\"@context\":\"https:\/\/schema.org\",\"@graph\":[{\"@type\":\"Article\",\"@id\":\"http:\/\/zdraviezprirody.eu\/index.php\/2025\/05\/24\/atopicky-ekzem\/#article\",\"isPartOf\":{\"@id\":\"http:\/\/zdraviezprirody.eu\/index.php\/2025\/05\/24\/atopicky-ekzem\/\"},\"author\":{\"name\":\"lcesnek\",\"@id\":\"https:\/\/zdraviezprirody.eu\/#\/schema\/person\/048ea2b80ce1ec537716bf9cffd718e5\"},\"headline\":\"Atopick\u00fd ekz\u00e9m\",\"datePublished\":\"2025-05-24T12:49:53+00:00\",\"dateModified\":\"2025-08-06T16:04:21+00:00\",\"mainEntityOfPage\":{\"@id\":\"http:\/\/zdraviezprirody.eu\/index.php\/2025\/05\/24\/atopicky-ekzem\/\"},\"wordCount\":1454,\"publisher\":{\"@id\":\"https:\/\/zdraviezprirody.eu\/#organization\"},\"image\":{\"@id\":\"http:\/\/zdraviezprirody.eu\/index.php\/2025\/05\/24\/atopicky-ekzem\/#primaryimage\"},\"thumbnailUrl\":\"http:\/\/zdraviezprirody.eu\/wp-content\/uploads\/2025\/05\/Banner_blog_Ekzem.jpg\",\"inLanguage\":\"sk-SK\"},{\"@type\":\"WebPage\",\"@id\":\"http:\/\/zdraviezprirody.eu\/index.php\/2025\/05\/24\/atopicky-ekzem\/\",\"url\":\"http:\/\/zdraviezprirody.eu\/index.php\/2025\/05\/24\/atopicky-ekzem\/\",\"name\":\"Atopick\u00fd ekz\u00e9m - zdraviezprirody.eu\",\"isPartOf\":{\"@id\":\"https:\/\/zdraviezprirody.eu\/#website\"},\"primaryImageOfPage\":{\"@id\":\"http:\/\/zdraviezprirody.eu\/index.php\/2025\/05\/24\/atopicky-ekzem\/#primaryimage\"},\"image\":{\"@id\":\"http:\/\/zdraviezprirody.eu\/index.php\/2025\/05\/24\/atopicky-ekzem\/#primaryimage\"},\"thumbnailUrl\":\"http:\/\/zdraviezprirody.eu\/wp-content\/uploads\/2025\/05\/Banner_blog_Ekzem.jpg\",\"datePublished\":\"2025-05-24T12:49:53+00:00\",\"dateModified\":\"2025-08-06T16:04:21+00:00\",\"breadcrumb\":{\"@id\":\"http:\/\/zdraviezprirody.eu\/index.php\/2025\/05\/24\/atopicky-ekzem\/#breadcrumb\"},\"inLanguage\":\"sk-SK\",\"potentialAction\":[{\"@type\":\"ReadAction\",\"target\":[\"http:\/\/zdraviezprirody.eu\/index.php\/2025\/05\/24\/atopicky-ekzem\/\"]}]},{\"@type\":\"ImageObject\",\"inLanguage\":\"sk-SK\",\"@id\":\"http:\/\/zdraviezprirody.eu\/index.php\/2025\/05\/24\/atopicky-ekzem\/#primaryimage\",\"url\":\"http:\/\/zdraviezprirody.eu\/wp-content\/uploads\/2025\/05\/Banner_blog_Ekzem.jpg\",\"contentUrl\":\"http:\/\/zdraviezprirody.eu\/wp-content\/uploads\/2025\/05\/Banner_blog_Ekzem.jpg\",\"width\":1140,\"height\":540},{\"@type\":\"BreadcrumbList\",\"@id\":\"http:\/\/zdraviezprirody.eu\/index.php\/2025\/05\/24\/atopicky-ekzem\/#breadcrumb\",\"itemListElement\":[{\"@type\":\"ListItem\",\"position\":1,\"name\":\"Home\",\"item\":\"https:\/\/zdraviezprirody.eu\/\"},{\"@type\":\"ListItem\",\"position\":2,\"name\":\"Atopick\u00fd ekz\u00e9m\"}]},{\"@type\":\"WebSite\",\"@id\":\"https:\/\/zdraviezprirody.eu\/#website\",\"url\":\"https:\/\/zdraviezprirody.eu\/\",\"name\":\"zdraviezprirody.eu\",\"description\":\"\",\"publisher\":{\"@id\":\"https:\/\/zdraviezprirody.eu\/#organization\"},\"potentialAction\":[{\"@type\":\"SearchAction\",\"target\":{\"@type\":\"EntryPoint\",\"urlTemplate\":\"https:\/\/zdraviezprirody.eu\/?s={search_term_string}\"},\"query-input\":\"required name=search_term_string\"}],\"inLanguage\":\"sk-SK\"},{\"@type\":\"Organization\",\"@id\":\"https:\/\/zdraviezprirody.eu\/#organization\",\"name\":\"zdraviezprirody.eu\",\"url\":\"https:\/\/zdraviezprirody.eu\/\",\"logo\":{\"@type\":\"ImageObject\",\"inLanguage\":\"sk-SK\",\"@id\":\"https:\/\/zdraviezprirody.eu\/#\/schema\/logo\/image\/\",\"url\":\"http:\/\/zdraviezprirody.eu\/wp-content\/uploads\/2024\/07\/small_W_White-Circlenotext.png\",\"contentUrl\":\"http:\/\/zdraviezprirody.eu\/wp-content\/uploads\/2024\/07\/small_W_White-Circlenotext.png\",\"width\":65,\"height\":65,\"caption\":\"zdraviezprirody.eu\"},\"image\":{\"@id\":\"https:\/\/zdraviezprirody.eu\/#\/schema\/logo\/image\/\"}},{\"@type\":\"Person\",\"@id\":\"https:\/\/zdraviezprirody.eu\/#\/schema\/person\/048ea2b80ce1ec537716bf9cffd718e5\",\"name\":\"lcesnek\",\"image\":{\"@type\":\"ImageObject\",\"inLanguage\":\"sk-SK\",\"@id\":\"https:\/\/zdraviezprirody.eu\/#\/schema\/person\/image\/\",\"url\":\"http:\/\/1.gravatar.com\/avatar\/7104d21b72255520f9e2743e357dd078?s=96&d=mm&r=g\",\"contentUrl\":\"http:\/\/1.gravatar.com\/avatar\/7104d21b72255520f9e2743e357dd078?s=96&d=mm&r=g\",\"caption\":\"lcesnek\"},\"sameAs\":[\"http:\/\/zdraviezprirody.eu\"]}]}<\/script>\n<!-- \/ Yoast SEO plugin. -->","yoast_head_json":{"title":"Atopick\u00fd ekz\u00e9m - zdraviezprirody.eu","robots":{"index":"noindex","follow":"follow"},"og_locale":"sk_SK","og_type":"article","og_title":"Atopick\u00fd ekz\u00e9m - zdraviezprirody.eu","og_description":"V\u0161etko, \u010do potrebujete vedie\u0165 o atopickom ekz\u00e9me Atopick\u00e1 dermatit\u00edda je jedn\u00fdm z naj\u010dastej\u0161\u00edch ko\u017en\u00fdch ochoren\u00ed u det\u00ed. Postihnut\u00fdch je v prv\u00fdch 10 rokoch \u017eivota pribli\u017ene 10 % &#8211; 20 % detskej popul\u00e1cie. V dospelosti okolo 3% \u013eud\u00ed a po\u010det chor\u00fdch v posledn\u00fdch rokoch r\u00fdchlo rastie. Priebeh atopickej dermatit\u00eddy je chronick\u00fd, so striedan\u00edm obdobia pokoja a vzplanutia. Ak\u00e9 s\u00fa pr\u00ed\u010diny atopick\u00e9ho ekz\u00e9mu? Naj\u010dastej\u0161ou pr\u00ed\u010dinou atopick\u00e9ho ekz\u00e9mu je dedi\u010dnos\u0165. Ak sa vo va\u0161ej rodine objavila atopick\u00e1 dermatit\u00edda alebo in\u00e9 podobn\u00e9 ochorenia, ako s\u00fa alergick\u00e1 n\u00e1dcha alebo astma, riziko vzplanutia atopie u v\u00e1s a va\u0161ich det\u00ed rastie. \u010eal\u0161\u00edm sp\u00fa\u0161\u0165a\u010dom m\u00f4\u017eu by\u0165 poruchy imunity, metabolizmu, r\u00f4zne infekcie alebo in\u00e9 poruchy hormon\u00e1lnej aktivity buniek v r\u00f4znych org\u00e1noch tela (v \u017e\u013eaz\u00e1ch). Klinick\u00e9 prejavy atopickej&hellip;","og_url":"http:\/\/zdraviezprirody.eu\/index.php\/2025\/05\/24\/atopicky-ekzem\/","og_site_name":"zdraviezprirody.eu","article_published_time":"2025-05-24T12:49:53+00:00","article_modified_time":"2025-08-06T16:04:21+00:00","og_image":[{"width":1140,"height":540,"url":"http:\/\/zdraviezprirody.eu\/wp-content\/uploads\/2025\/05\/Banner_blog_Ekzem.jpg","type":"image\/jpeg"}],"author":"lcesnek","twitter_card":"summary_large_image","twitter_misc":{"Autor":"lcesnek","Predpokladan\u00fd \u010das \u010d\u00edtania":"7 min\u00fat"},"schema":{"@context":"https:\/\/schema.org","@graph":[{"@type":"Article","@id":"http:\/\/zdraviezprirody.eu\/index.php\/2025\/05\/24\/atopicky-ekzem\/#article","isPartOf":{"@id":"http:\/\/zdraviezprirody.eu\/index.php\/2025\/05\/24\/atopicky-ekzem\/"},"author":{"name":"lcesnek","@id":"https:\/\/zdraviezprirody.eu\/#\/schema\/person\/048ea2b80ce1ec537716bf9cffd718e5"},"headline":"Atopick\u00fd ekz\u00e9m","datePublished":"2025-05-24T12:49:53+00:00","dateModified":"2025-08-06T16:04:21+00:00","mainEntityOfPage":{"@id":"http:\/\/zdraviezprirody.eu\/index.php\/2025\/05\/24\/atopicky-ekzem\/"},"wordCount":1454,"publisher":{"@id":"https:\/\/zdraviezprirody.eu\/#organization"},"image":{"@id":"http:\/\/zdraviezprirody.eu\/index.php\/2025\/05\/24\/atopicky-ekzem\/#primaryimage"},"thumbnailUrl":"http:\/\/zdraviezprirody.eu\/wp-content\/uploads\/2025\/05\/Banner_blog_Ekzem.jpg","inLanguage":"sk-SK"},{"@type":"WebPage","@id":"http:\/\/zdraviezprirody.eu\/index.php\/2025\/05\/24\/atopicky-ekzem\/","url":"http:\/\/zdraviezprirody.eu\/index.php\/2025\/05\/24\/atopicky-ekzem\/","name":"Atopick\u00fd ekz\u00e9m - zdraviezprirody.eu","isPartOf":{"@id":"https:\/\/zdraviezprirody.eu\/#website"},"primaryImageOfPage":{"@id":"http:\/\/zdraviezprirody.eu\/index.php\/2025\/05\/24\/atopicky-ekzem\/#primaryimage"},"image":{"@id":"http:\/\/zdraviezprirody.eu\/index.php\/2025\/05\/24\/atopicky-ekzem\/#primaryimage"},"thumbnailUrl":"http:\/\/zdraviezprirody.eu\/wp-content\/uploads\/2025\/05\/Banner_blog_Ekzem.jpg","datePublished":"2025-05-24T12:49:53+00:00","dateModified":"2025-08-06T16:04:21+00:00","breadcrumb":{"@id":"http:\/\/zdraviezprirody.eu\/index.php\/2025\/05\/24\/atopicky-ekzem\/#breadcrumb"},"inLanguage":"sk-SK","potentialAction":[{"@type":"ReadAction","target":["http:\/\/zdraviezprirody.eu\/index.php\/2025\/05\/24\/atopicky-ekzem\/"]}]},{"@type":"ImageObject","inLanguage":"sk-SK","@id":"http:\/\/zdraviezprirody.eu\/index.php\/2025\/05\/24\/atopicky-ekzem\/#primaryimage","url":"http:\/\/zdraviezprirody.eu\/wp-content\/uploads\/2025\/05\/Banner_blog_Ekzem.jpg","contentUrl":"http:\/\/zdraviezprirody.eu\/wp-content\/uploads\/2025\/05\/Banner_blog_Ekzem.jpg","width":1140,"height":540},{"@type":"BreadcrumbList","@id":"http:\/\/zdraviezprirody.eu\/index.php\/2025\/05\/24\/atopicky-ekzem\/#breadcrumb","itemListElement":[{"@type":"ListItem","position":1,"name":"Home","item":"https:\/\/zdraviezprirody.eu\/"},{"@type":"ListItem","position":2,"name":"Atopick\u00fd ekz\u00e9m"}]},{"@type":"WebSite","@id":"https:\/\/zdraviezprirody.eu\/#website","url":"https:\/\/zdraviezprirody.eu\/","name":"zdraviezprirody.eu","description":"","publisher":{"@id":"https:\/\/zdraviezprirody.eu\/#organization"},"potentialAction":[{"@type":"SearchAction","target":{"@type":"EntryPoint","urlTemplate":"https:\/\/zdraviezprirody.eu\/?s={search_term_string}"},"query-input":"required name=search_term_string"}],"inLanguage":"sk-SK"},{"@type":"Organization","@id":"https:\/\/zdraviezprirody.eu\/#organization","name":"zdraviezprirody.eu","url":"https:\/\/zdraviezprirody.eu\/","logo":{"@type":"ImageObject","inLanguage":"sk-SK","@id":"https:\/\/zdraviezprirody.eu\/#\/schema\/logo\/image\/","url":"http:\/\/zdraviezprirody.eu\/wp-content\/uploads\/2024\/07\/small_W_White-Circlenotext.png","contentUrl":"http:\/\/zdraviezprirody.eu\/wp-content\/uploads\/2024\/07\/small_W_White-Circlenotext.png","width":65,"height":65,"caption":"zdraviezprirody.eu"},"image":{"@id":"https:\/\/zdraviezprirody.eu\/#\/schema\/logo\/image\/"}},{"@type":"Person","@id":"https:\/\/zdraviezprirody.eu\/#\/schema\/person\/048ea2b80ce1ec537716bf9cffd718e5","name":"lcesnek","image":{"@type":"ImageObject","inLanguage":"sk-SK","@id":"https:\/\/zdraviezprirody.eu\/#\/schema\/person\/image\/","url":"http:\/\/1.gravatar.com\/avatar\/7104d21b72255520f9e2743e357dd078?s=96&d=mm&r=g","contentUrl":"http:\/\/1.gravatar.com\/avatar\/7104d21b72255520f9e2743e357dd078?s=96&d=mm&r=g","caption":"lcesnek"},"sameAs":["http:\/\/zdraviezprirody.eu"]}]}},"rttpg_featured_image_url":{"full":["http:\/\/zdraviezprirody.eu\/wp-content\/uploads\/2025\/05\/Banner_blog_Ekzem.jpg",1140,540,false],"landscape":["http:\/\/zdraviezprirody.eu\/wp-content\/uploads\/2025\/05\/Banner_blog_Ekzem.jpg",1140,540,false],"portraits":["http:\/\/zdraviezprirody.eu\/wp-content\/uploads\/2025\/05\/Banner_blog_Ekzem.jpg",1140,540,false],"thumbnail":["http:\/\/zdraviezprirody.eu\/wp-content\/uploads\/2025\/05\/Banner_blog_Ekzem-150x150.jpg",150,150,true],"medium":["http:\/\/zdraviezprirody.eu\/wp-content\/uploads\/2025\/05\/Banner_blog_Ekzem-300x142.jpg",300,142,true],"large":["http:\/\/zdraviezprirody.eu\/wp-content\/uploads\/2025\/05\/Banner_blog_Ekzem-1024x485.jpg",1024,485,true],"1536x1536":["http:\/\/zdraviezprirody.eu\/wp-content\/uploads\/2025\/05\/Banner_blog_Ekzem.jpg",1140,540,false],"2048x2048":["http:\/\/zdraviezprirody.eu\/wp-content\/uploads\/2025\/05\/Banner_blog_Ekzem.jpg",1140,540,false],"post-thumbnail":["http:\/\/zdraviezprirody.eu\/wp-content\/uploads\/2025\/05\/Banner_blog_Ekzem-300x300.jpg",300,300,true],"enwoo-img":["http:\/\/zdraviezprirody.eu\/wp-content\/uploads\/2025\/05\/Banner_blog_Ekzem.jpg",1140,540,false]},"rttpg_author":{"display_name":"lcesnek","author_link":"http:\/\/zdraviezprirody.eu\/index.php\/author\/lcesnek\/"},"rttpg_comment":5,"rttpg_category":"<a href=\"http:\/\/zdraviezprirody.eu\/index.php\/category\/nezaradene\/\" rel=\"category tag\">Nezaraden\u00e9<\/a>","rttpg_excerpt":"V\u0161etko, \u010do potrebujete vedie\u0165 o atopickom ekz\u00e9me Atopick\u00e1 dermatit\u00edda je jedn\u00fdm z naj\u010dastej\u0161\u00edch ko\u017en\u00fdch ochoren\u00ed u det\u00ed. Postihnut\u00fdch je v prv\u00fdch 10 rokoch \u017eivota pribli\u017ene 10 % &#8211; 20 % detskej popul\u00e1cie. V dospelosti okolo 3% \u013eud\u00ed a po\u010det chor\u00fdch v posledn\u00fdch rokoch r\u00fdchlo rastie. Priebeh atopickej dermatit\u00eddy je chronick\u00fd, so striedan\u00edm obdobia pokoja a&hellip;","_links":{"self":[{"href":"http:\/\/zdraviezprirody.eu\/index.php\/wp-json\/wp\/v2\/posts\/2665"}],"collection":[{"href":"http:\/\/zdraviezprirody.eu\/index.php\/wp-json\/wp\/v2\/posts"}],"about":[{"href":"http:\/\/zdraviezprirody.eu\/index.php\/wp-json\/wp\/v2\/types\/post"}],"author":[{"embeddable":true,"href":"http:\/\/zdraviezprirody.eu\/index.php\/wp-json\/wp\/v2\/users\/1"}],"replies":[{"embeddable":true,"href":"http:\/\/zdraviezprirody.eu\/index.php\/wp-json\/wp\/v2\/comments?post=2665"}],"version-history":[{"count":4,"href":"http:\/\/zdraviezprirody.eu\/index.php\/wp-json\/wp\/v2\/posts\/2665\/revisions"}],"predecessor-version":[{"id":2678,"href":"http:\/\/zdraviezprirody.eu\/index.php\/wp-json\/wp\/v2\/posts\/2665\/revisions\/2678"}],"wp:featuredmedia":[{"embeddable":true,"href":"http:\/\/zdraviezprirody.eu\/index.php\/wp-json\/wp\/v2\/media\/2670"}],"wp:attachment":[{"href":"http:\/\/zdraviezprirody.eu\/index.php\/wp-json\/wp\/v2\/media?parent=2665"}],"wp:term":[{"taxonomy":"category","embeddable":true,"href":"http:\/\/zdraviezprirody.eu\/index.php\/wp-json\/wp\/v2\/categories?post=2665"},{"taxonomy":"post_tag","embeddable":true,"href":"http:\/\/zdraviezprirody.eu\/index.php\/wp-json\/wp\/v2\/tags?post=2665"}],"curies":[{"name":"wp","href":"https:\/\/api.w.org\/{rel}","templated":true}]}}